{"id":2331,"date":"2010-10-31T12:08:39","date_gmt":"2010-10-31T10:08:39","guid":{"rendered":"http:\/\/www.avaruusasema.com\/blogi\/?p=2331"},"modified":"2010-10-31T12:08:39","modified_gmt":"2010-10-31T10:08:39","slug":"valkoinen-lasikuutio","status":"publish","type":"post","link":"https:\/\/avaruusasema.com\/blogi\/2010\/10\/valkoinen-lasikuutio.html","title":{"rendered":"Valkoinen lasikuutio"},"content":{"rendered":"<p><a href=\"https:\/\/i0.wp.com\/avaruusasema.com\/blogi\/wp-content\/uploads\/sites\/2\/2010\/10\/1286382669-033.jpg?ssl=1\" rel=\"lightbox[2331]\"><img data-recalc-dims=\"1\" loading=\"lazy\" decoding=\"async\" class=\"aligncenter size-large wp-image-2337\" src=\"https:\/\/i0.wp.com\/avaruusasema.com\/blogi\/wp-content\/uploads\/sites\/2\/2010\/10\/1286382669-033.jpg?resize=500%2C340&#038;ssl=1\" alt=\"\" width=\"500\" height=\"340\" srcset=\"https:\/\/i0.wp.com\/avaruusasema.com\/blogi\/wp-content\/uploads\/sites\/2\/2010\/10\/1286382669-033.jpg?resize=500%2C340&amp;ssl=1 500w, https:\/\/i0.wp.com\/avaruusasema.com\/blogi\/wp-content\/uploads\/sites\/2\/2010\/10\/1286382669-033.jpg?resize=245%2C166&amp;ssl=1 245w, https:\/\/i0.wp.com\/avaruusasema.com\/blogi\/wp-content\/uploads\/sites\/2\/2010\/10\/1286382669-033.jpg?w=800&amp;ssl=1 800w\" sizes=\"auto, (max-width: 500px) 100vw, 500px\" \/><\/a><\/p>\n<p><a href=\"https:\/\/i0.wp.com\/avaruusasema.com\/blogi\/wp-content\/uploads\/sites\/2\/2010\/10\/1286382645-006.jpg?ssl=1\" rel=\"lightbox[2331]\"><img data-recalc-dims=\"1\" loading=\"lazy\" decoding=\"async\" class=\"aligncenter size-large wp-image-2332\" src=\"https:\/\/i0.wp.com\/avaruusasema.com\/blogi\/wp-content\/uploads\/sites\/2\/2010\/10\/1286382645-006.jpg?resize=500%2C340&#038;ssl=1\" alt=\"\" width=\"500\" height=\"340\" srcset=\"https:\/\/i0.wp.com\/avaruusasema.com\/blogi\/wp-content\/uploads\/sites\/2\/2010\/10\/1286382645-006.jpg?resize=500%2C340&amp;ssl=1 500w, https:\/\/i0.wp.com\/avaruusasema.com\/blogi\/wp-content\/uploads\/sites\/2\/2010\/10\/1286382645-006.jpg?resize=245%2C166&amp;ssl=1 245w, https:\/\/i0.wp.com\/avaruusasema.com\/blogi\/wp-content\/uploads\/sites\/2\/2010\/10\/1286382645-006.jpg?w=800&amp;ssl=1 800w\" sizes=\"auto, (max-width: 500px) 100vw, 500px\" \/><\/a><\/p>\n<p>On tullut taas selailtua arkkitehtuuri-blogeja ja oli ihan pakko poimia t\u00e4m\u00e4 talo t\u00e4nnekin. Aika t\u00e4ydellinen, ei puutu kuin se meri ja oma ranta. Kyseess\u00e4 on Belgiassa sijaitseva yhdistetty toimisto- ja asuinrakennus. Talo sijaitsee vilkkaan tien varrella, mutta rajautuu toiselta suunnalta maalaismaiseen maisemaan. Talon alakertaan on sijoitettu toimisto- ja oleskelutilat, varsinaiset asuintilat ovat yksityisemm\u00e4ss\u00e4 toisessa kerroksessa. Huomaa my\u00f6s lasisein\u00e4inen autotalli. :)<\/p>\n<p><!--more Lue lis\u00e4\u00e4...--><a href=\"https:\/\/i0.wp.com\/avaruusasema.com\/blogi\/wp-content\/uploads\/sites\/2\/2010\/10\/1286382651-011.jpg?ssl=1\" rel=\"lightbox[2331]\"><img data-recalc-dims=\"1\" loading=\"lazy\" decoding=\"async\" class=\"aligncenter size-large wp-image-2334\" src=\"https:\/\/i0.wp.com\/avaruusasema.com\/blogi\/wp-content\/uploads\/sites\/2\/2010\/10\/1286382651-011.jpg?resize=500%2C733&#038;ssl=1\" alt=\"\" width=\"500\" height=\"733\" srcset=\"https:\/\/i0.wp.com\/avaruusasema.com\/blogi\/wp-content\/uploads\/sites\/2\/2010\/10\/1286382651-011.jpg?resize=500%2C733&amp;ssl=1 500w, https:\/\/i0.wp.com\/avaruusasema.com\/blogi\/wp-content\/uploads\/sites\/2\/2010\/10\/1286382651-011.jpg?resize=245%2C359&amp;ssl=1 245w, https:\/\/i0.wp.com\/avaruusasema.com\/blogi\/wp-content\/uploads\/sites\/2\/2010\/10\/1286382651-011.jpg?w=545&amp;ssl=1 545w\" sizes=\"auto, (max-width: 500px) 100vw, 500px\" \/><\/a><\/p>\n<p><a href=\"https:\/\/i0.wp.com\/avaruusasema.com\/blogi\/wp-content\/uploads\/sites\/2\/2010\/10\/1286382648-010.jpg?ssl=1\" rel=\"lightbox[2331]\"><img data-recalc-dims=\"1\" loading=\"lazy\" decoding=\"async\" class=\"aligncenter size-large wp-image-2333\" src=\"https:\/\/i0.wp.com\/avaruusasema.com\/blogi\/wp-content\/uploads\/sites\/2\/2010\/10\/1286382648-010.jpg?resize=500%2C340&#038;ssl=1\" alt=\"\" width=\"500\" height=\"340\" srcset=\"https:\/\/i0.wp.com\/avaruusasema.com\/blogi\/wp-content\/uploads\/sites\/2\/2010\/10\/1286382648-010.jpg?resize=500%2C340&amp;ssl=1 500w, https:\/\/i0.wp.com\/avaruusasema.com\/blogi\/wp-content\/uploads\/sites\/2\/2010\/10\/1286382648-010.jpg?resize=245%2C166&amp;ssl=1 245w, https:\/\/i0.wp.com\/avaruusasema.com\/blogi\/wp-content\/uploads\/sites\/2\/2010\/10\/1286382648-010.jpg?w=800&amp;ssl=1 800w\" sizes=\"auto, (max-width: 500px) 100vw, 500px\" \/><\/a><\/p>\n<p><a href=\"https:\/\/i0.wp.com\/avaruusasema.com\/blogi\/wp-content\/uploads\/sites\/2\/2010\/10\/1286382684-037.jpg?ssl=1\" rel=\"lightbox[2331]\"><img data-recalc-dims=\"1\" loading=\"lazy\" decoding=\"async\" class=\"aligncenter size-large wp-image-2341\" src=\"https:\/\/i0.wp.com\/avaruusasema.com\/blogi\/wp-content\/uploads\/sites\/2\/2010\/10\/1286382684-037.jpg?resize=500%2C340&#038;ssl=1\" alt=\"\" width=\"500\" height=\"340\" srcset=\"https:\/\/i0.wp.com\/avaruusasema.com\/blogi\/wp-content\/uploads\/sites\/2\/2010\/10\/1286382684-037.jpg?resize=500%2C340&amp;ssl=1 500w, https:\/\/i0.wp.com\/avaruusasema.com\/blogi\/wp-content\/uploads\/sites\/2\/2010\/10\/1286382684-037.jpg?resize=245%2C166&amp;ssl=1 245w, https:\/\/i0.wp.com\/avaruusasema.com\/blogi\/wp-content\/uploads\/sites\/2\/2010\/10\/1286382684-037.jpg?w=800&amp;ssl=1 800w\" sizes=\"auto, (max-width: 500px) 100vw, 500px\" \/><\/a><\/p>\n<p>Mitenk\u00f6h\u00e4n sit\u00e4 kuitenkaan pystyisi el\u00e4m\u00e4\u00e4n ihan noin l\u00e4pin\u00e4kyv\u00e4ss\u00e4 tilassa? Onhan tuossa talossa yksityisemm\u00e4t tilat yl\u00e4kerrassa katseilta suojassa ja alakerran ikkunasein\u00e4t l\u00e4hinn\u00e4 sis\u00e4pihalle p\u00e4in ja tarvittaessa verhoilla peitett\u00e4viss\u00e4. Mutta silti. T\u00e4llaiset talot kyll\u00e4 vieh\u00e4tt\u00e4v\u00e4t meit\u00e4, vaikka eiv\u00e4t ehk\u00e4 t\u00e4nne Suomen keleihin sopisivatkaan. Talven lumikuorma, kylmyys ja sateisuus vaatisivat v\u00e4h\u00e4n erilaisia rakenteita. Harmi sin\u00e4ns\u00e4, ett\u00e4 niin hyv\u00e4n n\u00e4k\u00f6inen tasakatto on k\u00e4yt\u00e4nn\u00f6ss\u00e4 aika huono ratkaisu.<\/p>\n<p><a href=\"https:\/\/i0.wp.com\/avaruusasema.com\/blogi\/wp-content\/uploads\/sites\/2\/2010\/10\/1286382658-014.jpg?ssl=1\" rel=\"lightbox[2331]\"><img data-recalc-dims=\"1\" loading=\"lazy\" decoding=\"async\" class=\"aligncenter size-large wp-image-2335\" src=\"https:\/\/i0.wp.com\/avaruusasema.com\/blogi\/wp-content\/uploads\/sites\/2\/2010\/10\/1286382658-014.jpg?resize=500%2C340&#038;ssl=1\" alt=\"\" width=\"500\" height=\"340\" srcset=\"https:\/\/i0.wp.com\/avaruusasema.com\/blogi\/wp-content\/uploads\/sites\/2\/2010\/10\/1286382658-014.jpg?resize=500%2C340&amp;ssl=1 500w, https:\/\/i0.wp.com\/avaruusasema.com\/blogi\/wp-content\/uploads\/sites\/2\/2010\/10\/1286382658-014.jpg?resize=245%2C166&amp;ssl=1 245w, https:\/\/i0.wp.com\/avaruusasema.com\/blogi\/wp-content\/uploads\/sites\/2\/2010\/10\/1286382658-014.jpg?w=800&amp;ssl=1 800w\" sizes=\"auto, (max-width: 500px) 100vw, 500px\" \/><\/a><\/p>\n<p><a href=\"https:\/\/i0.wp.com\/avaruusasema.com\/blogi\/wp-content\/uploads\/sites\/2\/2010\/10\/1286382661-021.jpg?ssl=1\" rel=\"lightbox[2331]\"><img data-recalc-dims=\"1\" loading=\"lazy\" decoding=\"async\" class=\"aligncenter size-large wp-image-2336\" src=\"https:\/\/i0.wp.com\/avaruusasema.com\/blogi\/wp-content\/uploads\/sites\/2\/2010\/10\/1286382661-021.jpg?resize=500%2C340&#038;ssl=1\" alt=\"\" width=\"500\" height=\"340\" srcset=\"https:\/\/i0.wp.com\/avaruusasema.com\/blogi\/wp-content\/uploads\/sites\/2\/2010\/10\/1286382661-021.jpg?resize=500%2C340&amp;ssl=1 500w, https:\/\/i0.wp.com\/avaruusasema.com\/blogi\/wp-content\/uploads\/sites\/2\/2010\/10\/1286382661-021.jpg?resize=245%2C166&amp;ssl=1 245w, https:\/\/i0.wp.com\/avaruusasema.com\/blogi\/wp-content\/uploads\/sites\/2\/2010\/10\/1286382661-021.jpg?w=800&amp;ssl=1 800w\" sizes=\"auto, (max-width: 500px) 100vw, 500px\" \/><\/a><\/p>\n<p>Kuvat \u00a9 <a href=\"http:\/\/www.filipdujardin.be\/\" target=\"_blank\">Filip Dujadin<\/a> via <a href=\"http:\/\/www.archdaily.com\/80795\/villa-vh-in-t-beel-achtergael-architecten\/\" target=\"_blank\">ArchDaily<\/a>, josta l\u00f6ytyy my\u00f6s lis\u00e4\u00e4 kuvia talosta.<\/p>\n","protected":false},"excerpt":{"rendered":"<p>On tullut taas selailtua arkkitehtuuri-blogeja ja oli ihan pakko poimia t\u00e4m\u00e4 talo t\u00e4nnekin. Aika t\u00e4ydellinen, ei puutu kuin se meri ja oma ranta. Kyseess\u00e4 on Belgiassa sijaitseva yhdistetty toimisto- ja asuinrakennus. Talo sijaitsee vilkkaan tien varrella, mutta rajautuu toiselta suunnalta maalaismaiseen maisemaan. Talon alakertaan on sijoitettu toimisto- ja oleskelutilat, varsinaiset asuintilat ovat yksityisemm\u00e4ss\u00e4 toisessa kerroksessa. [&hellip;]<\/p>\n","protected":false},"author":1,"featured_media":2337,"comment_status":"open","ping_status":"open","sticky":false,"template":"","format":"standard","meta":{"_monsterinsights_skip_tracking":false,"_monsterinsights_sitenote_active":false,"_monsterinsights_sitenote_note":"","_monsterinsights_sitenote_category":0,"jetpack_post_was_ever_published":false,"_jetpack_newsletter_access":"","_jetpack_dont_email_post_to_subs":false,"_jetpack_newsletter_tier_id":0,"_jetpack_memberships_contains_paywalled_content":false,"_jetpack_memberships_contains_paid_content":false,"footnotes":"","jetpack_publicize_message":"","jetpack_publicize_feature_enabled":true,"jetpack_social_post_already_shared":false,"jetpack_social_options":{"image_generator_settings":{"template":"highway","enabled":false},"version":2}},"categories":[3],"tags":[12,173],"class_list":["post-2331","post","type-post","status-publish","format-standard","has-post-thumbnail","hentry","category-design","tag-arkkitehtuuri","tag-design"],"jetpack_publicize_connections":[],"jetpack_featured_media_url":"https:\/\/i0.wp.com\/avaruusasema.com\/blogi\/wp-content\/uploads\/sites\/2\/2010\/10\/1286382669-033.jpg?fit=800%2C545&ssl=1","jetpack_shortlink":"https:\/\/wp.me\/p3zpFm-BB","jetpack_sharing_enabled":true,"_links":{"self":[{"href":"https:\/\/avaruusasema.com\/blogi\/wp-json\/wp\/v2\/posts\/2331","targetHints":{"allow":["GET"]}}],"collection":[{"href":"https:\/\/avaruusasema.com\/blogi\/wp-json\/wp\/v2\/posts"}],"about":[{"href":"https:\/\/avaruusasema.com\/blogi\/wp-json\/wp\/v2\/types\/post"}],"author":[{"embeddable":true,"href":"https:\/\/avaruusasema.com\/blogi\/wp-json\/wp\/v2\/users\/1"}],"replies":[{"embeddable":true,"href":"https:\/\/avaruusasema.com\/blogi\/wp-json\/wp\/v2\/comments?post=2331"}],"version-history":[{"count":0,"href":"https:\/\/avaruusasema.com\/blogi\/wp-json\/wp\/v2\/posts\/2331\/revisions"}],"wp:featuredmedia":[{"embeddable":true,"href":"https:\/\/avaruusasema.com\/blogi\/wp-json\/wp\/v2\/media\/2337"}],"wp:attachment":[{"href":"https:\/\/avaruusasema.com\/blogi\/wp-json\/wp\/v2\/media?parent=2331"}],"wp:term":[{"taxonomy":"category","embeddable":true,"href":"https:\/\/avaruusasema.com\/blogi\/wp-json\/wp\/v2\/categories?post=2331"},{"taxonomy":"post_tag","embeddable":true,"href":"https:\/\/avaruusasema.com\/blogi\/wp-json\/wp\/v2\/tags?post=2331"}],"curies":[{"name":"wp","href":"https:\/\/api.w.org\/{rel}","templated":true}]}}