{"id":6809,"date":"2011-06-13T23:19:08","date_gmt":"2011-06-13T20:19:08","guid":{"rendered":"http:\/\/www.divaaniblogit.fi\/blogit\/avaruusasema\/?p=6809"},"modified":"2011-06-13T23:19:08","modified_gmt":"2011-06-13T20:19:08","slug":"lampun-henki-ja-vahan-verhonkin","status":"publish","type":"post","link":"https:\/\/avaruusasema.com\/blogi\/2011\/06\/lampun-henki-ja-vahan-verhonkin.html","title":{"rendered":"Lampun henki ja v\u00e4h\u00e4n verhonkin"},"content":{"rendered":"<p><a href=\"https:\/\/i0.wp.com\/avaruusasema.com\/blogi\/wp-content\/uploads\/sites\/2\/2011\/06\/mh1.jpg?ssl=1\" rel=\"lightbox[6809]\" title=\"Makuuhuone, \u00a9 avaruusasema\"><img data-recalc-dims=\"1\" loading=\"lazy\" decoding=\"async\" class=\"aligncenter size-full wp-image-6789\" src=\"https:\/\/i0.wp.com\/avaruusasema.com\/blogi\/wp-content\/uploads\/sites\/2\/2011\/06\/mh1.jpg?resize=660%2C831&#038;ssl=1\" alt=\"\" width=\"660\" height=\"831\" srcset=\"https:\/\/i0.wp.com\/avaruusasema.com\/blogi\/wp-content\/uploads\/sites\/2\/2011\/06\/mh1.jpg?w=660&amp;ssl=1 660w, https:\/\/i0.wp.com\/avaruusasema.com\/blogi\/wp-content\/uploads\/sites\/2\/2011\/06\/mh1.jpg?resize=245%2C308&amp;ssl=1 245w, https:\/\/i0.wp.com\/avaruusasema.com\/blogi\/wp-content\/uploads\/sites\/2\/2011\/06\/mh1.jpg?resize=500%2C629&amp;ssl=1 500w\" sizes=\"auto, (max-width: 660px) 100vw, 660px\" \/><\/a><\/p>\n<p>Eik\u00e4! Meill\u00e4 ei ole viel\u00e4k\u00e4\u00e4n valaisimia makuuhuoneessa. Niist\u00e4 oli <a href=\"https:\/\/avaruusasema.com\/blogi\/2010\/10\/mayday-mayday.html\">puhetta<\/a> jo viime syksyn\u00e4, mutta asia ei ole edistynyt mitenk\u00e4\u00e4n. Ja verhotkin puuttuu!<\/p>\n<p>Tuntuu, ett\u00e4 t\u00e4m\u00e4 hankinta muuttuu sit\u00e4 vaikeammaksi, mit\u00e4 enemm\u00e4n t\u00e4t\u00e4 pohtii. Muun muassa yhten\u00e4 haasteena on valaisimen koko. Makuuhuoneemme on sen verran pieni, ettei sinne mahdu y\u00f6p\u00f6yti\u00e4, joten valaisimet tulisivat siis lattialle, s\u00e4ngyn molemmin puolin. Monet jalkalamput ovat liian korkeita ja p\u00f6yt\u00e4lamput taas liian matalia. Valaisinehdokkaita melkein pit\u00e4isi hakea kotiin sovitukseen.<\/p>\n<p>T\u00e4ss\u00e4 on muutama vaihtoehto, joita olemme miettineet.<\/p>\n<p><a href=\"https:\/\/i0.wp.com\/avaruusasema.com\/blogi\/wp-content\/uploads\/sites\/2\/2011\/06\/lamput.jpg?ssl=1\" rel=\"lightbox[6809]\" title=\"Lamput, \u00a9 avaruusasema\"><img data-recalc-dims=\"1\" loading=\"lazy\" decoding=\"async\" class=\"aligncenter size-full wp-image-6812\" src=\"https:\/\/i0.wp.com\/avaruusasema.com\/blogi\/wp-content\/uploads\/sites\/2\/2011\/06\/lamput.jpg?resize=660%2C711&#038;ssl=1\" alt=\"\" width=\"660\" height=\"711\" srcset=\"https:\/\/i0.wp.com\/avaruusasema.com\/blogi\/wp-content\/uploads\/sites\/2\/2011\/06\/lamput.jpg?w=660&amp;ssl=1 660w, https:\/\/i0.wp.com\/avaruusasema.com\/blogi\/wp-content\/uploads\/sites\/2\/2011\/06\/lamput.jpg?resize=245%2C263&amp;ssl=1 245w, https:\/\/i0.wp.com\/avaruusasema.com\/blogi\/wp-content\/uploads\/sites\/2\/2011\/06\/lamput.jpg?resize=500%2C538&amp;ssl=1 500w\" sizes=\"auto, (max-width: 660px) 100vw, 660px\" \/><\/a><\/p>\n<p>Sopivan ulkon\u00e4\u00f6n lis\u00e4ksi lampusta pit\u00e4isi tulla mukava ja pehme\u00e4 valo sek\u00e4 hinta saisi mielell\u00e4\u00e4n olla alle 1000e\/kpl. ;) Olisi hauska kuulla, mink\u00e4 te n\u00e4ist\u00e4 valitsisitte. Lis\u00e4ksi otamme enemm\u00e4n kuin mielell\u00e4mme vinkkej\u00e4 vastaan muista valaisinehdokkaista!<\/p>\n<p><a href=\"https:\/\/i0.wp.com\/avaruusasema.com\/blogi\/wp-content\/uploads\/sites\/2\/2011\/06\/mh2.jpg?ssl=1\" rel=\"lightbox[6809]\" title=\"Makuuhuone, \u00a9 avaruusasema\"><img data-recalc-dims=\"1\" loading=\"lazy\" decoding=\"async\" class=\"aligncenter size-full wp-image-6790\" src=\"https:\/\/i0.wp.com\/avaruusasema.com\/blogi\/wp-content\/uploads\/sites\/2\/2011\/06\/mh2.jpg?resize=660%2C786&#038;ssl=1\" alt=\"\" width=\"660\" height=\"786\" srcset=\"https:\/\/i0.wp.com\/avaruusasema.com\/blogi\/wp-content\/uploads\/sites\/2\/2011\/06\/mh2.jpg?w=660&amp;ssl=1 660w, https:\/\/i0.wp.com\/avaruusasema.com\/blogi\/wp-content\/uploads\/sites\/2\/2011\/06\/mh2.jpg?resize=245%2C291&amp;ssl=1 245w, https:\/\/i0.wp.com\/avaruusasema.com\/blogi\/wp-content\/uploads\/sites\/2\/2011\/06\/mh2.jpg?resize=500%2C595&amp;ssl=1 500w\" sizes=\"auto, (max-width: 660px) 100vw, 660px\" \/><\/a><\/p>\n<p>Valaisinten lis\u00e4ksi makuuhuoneeseen pit\u00e4isi saada my\u00f6s verhot. Olemme k\u00e4yneet useassa kangaskaupassa, mutta palvelua ostohalusille asiakkaille ei tunnu riitt\u00e4v\u00e4n miss\u00e4\u00e4n, niinp\u00e4 verhot on j\u00e4\u00e4nyt hankkimatta. Ajattelimme yritt\u00e4\u00e4 kes\u00e4lomalla viel\u00e4 kerran, j\u00e4nn\u00e4 n\u00e4hd\u00e4 miten k\u00e4y. Ammattilaisen apua tarvitaan, sill\u00e4 itsell\u00e4mmek\u00e4\u00e4n ei ole aivan selv\u00e4t s\u00e4velet mink\u00e4laiset verhot haluamme.  Osaako joku muuten neuvoa mik\u00e4 olisi paras kangaskauppa nimenomaan verhojen hankintaa ajatellen.<\/p>\n","protected":false},"excerpt":{"rendered":"<p>Eik\u00e4! Meill\u00e4 ei ole viel\u00e4k\u00e4\u00e4n valaisimia makuuhuoneessa. Niist\u00e4 oli puhetta jo viime syksyn\u00e4, mutta asia ei ole edistynyt mitenk\u00e4\u00e4n. Ja verhotkin puuttuu! Tuntuu, ett\u00e4 t\u00e4m\u00e4 hankinta muuttuu sit\u00e4 vaikeammaksi, mit\u00e4 enemm\u00e4n t\u00e4t\u00e4 pohtii. Muun muassa yhten\u00e4 haasteena on valaisimen koko. Makuuhuoneemme on sen verran pieni, ettei sinne mahdu y\u00f6p\u00f6yti\u00e4, joten valaisimet tulisivat siis lattialle, s\u00e4ngyn [&hellip;]<\/p>\n","protected":false},"author":2,"featured_media":6789,"comment_status":"open","ping_status":"open","sticky":false,"template":"","format":"standard","meta":{"_monsterinsights_skip_tracking":false,"_monsterinsights_sitenote_active":false,"_monsterinsights_sitenote_note":"","_monsterinsights_sitenote_category":0,"jetpack_post_was_ever_published":false,"_jetpack_newsletter_access":"","_jetpack_dont_email_post_to_subs":false,"_jetpack_newsletter_tier_id":0,"_jetpack_memberships_contains_paywalled_content":false,"_jetpack_memberships_contains_paid_content":false,"footnotes":"","jetpack_publicize_message":"","jetpack_publicize_feature_enabled":true,"jetpack_social_post_already_shared":false,"jetpack_social_options":{"image_generator_settings":{"template":"highway","enabled":false},"version":2}},"categories":[6],"tags":[173,174,64,92,110],"class_list":["post-6809","post","type-post","status-publish","format-standard","has-post-thumbnail","hentry","category-koti-design","tag-design","tag-koti-design","tag-makuuhuone","tag-sisustus","tag-valaisimet"],"jetpack_publicize_connections":[],"jetpack_featured_media_url":"https:\/\/i0.wp.com\/avaruusasema.com\/blogi\/wp-content\/uploads\/sites\/2\/2011\/06\/mh1.jpg?fit=660%2C831&ssl=1","jetpack_shortlink":"https:\/\/wp.me\/p3zpFm-1LP","jetpack_sharing_enabled":true,"_links":{"self":[{"href":"https:\/\/avaruusasema.com\/blogi\/wp-json\/wp\/v2\/posts\/6809","targetHints":{"allow":["GET"]}}],"collection":[{"href":"https:\/\/avaruusasema.com\/blogi\/wp-json\/wp\/v2\/posts"}],"about":[{"href":"https:\/\/avaruusasema.com\/blogi\/wp-json\/wp\/v2\/types\/post"}],"author":[{"embeddable":true,"href":"https:\/\/avaruusasema.com\/blogi\/wp-json\/wp\/v2\/users\/2"}],"replies":[{"embeddable":true,"href":"https:\/\/avaruusasema.com\/blogi\/wp-json\/wp\/v2\/comments?post=6809"}],"version-history":[{"count":0,"href":"https:\/\/avaruusasema.com\/blogi\/wp-json\/wp\/v2\/posts\/6809\/revisions"}],"wp:featuredmedia":[{"embeddable":true,"href":"https:\/\/avaruusasema.com\/blogi\/wp-json\/wp\/v2\/media\/6789"}],"wp:attachment":[{"href":"https:\/\/avaruusasema.com\/blogi\/wp-json\/wp\/v2\/media?parent=6809"}],"wp:term":[{"taxonomy":"category","embeddable":true,"href":"https:\/\/avaruusasema.com\/blogi\/wp-json\/wp\/v2\/categories?post=6809"},{"taxonomy":"post_tag","embeddable":true,"href":"https:\/\/avaruusasema.com\/blogi\/wp-json\/wp\/v2\/tags?post=6809"}],"curies":[{"name":"wp","href":"https:\/\/api.w.org\/{rel}","templated":true}]}}